{"@context":"https:\/\/schema.org\/","@type":"CollectionPage","@id":"https:\/\/www.dekorin.cz\/zdravi\/#CollectionPage","headline":"Zdrav\u00ed Category","description":"","url":"https:\/\/www.dekorin.cz\/zdravi\/","hasPart":[{"@type":"Article","@id":"https:\/\/www.dekorin.cz\/ananas-a-jeho-ucinky-na-zdravi\/","headline":"Ananas a jeho \u00fa\u010dinky na zdrav\u00ed","url":"https:\/\/www.dekorin.cz\/ananas-a-jeho-ucinky-na-zdravi\/","datePublished":"2022-03-31","dateModified":"2023-05-15","mainEntityOfPage":"https:\/\/www.dekorin.cz\/ananas-a-jeho-ucinky-na-zdravi\/","author":{"@type":"Person","@id":"https:\/\/www.dekorin.cz\/author\/#Person","name":"","url":"https:\/\/www.dekorin.cz\/author\/","identifier":1,"image":{"@type":"ImageObject","@id":"https:\/\/secure.gravatar.com\/avatar\/383247cd769f7ac317a5bcda943ec48a3c79d996598ae4564ec21a0e178126d1?s=96&d=mm&r=g","url":"https:\/\/secure.gravatar.com\/avatar\/383247cd769f7ac317a5bcda943ec48a3c79d996598ae4564ec21a0e178126d1?s=96&d=mm&r=g","height":96,"width":96}},"publisher":{"@type":"Organization","name":"dekorin.cz","logo":{"@type":"ImageObject","@id":"\/logo.png","url":"\/logo.png","width":600,"height":60}},"image":{"@type":"ImageObject","@id":"https:\/\/www.dekorin.cz\/wp-content\/uploads\/pexels-photomix-company-235294.jpg","url":"https:\/\/www.dekorin.cz\/wp-content\/uploads\/pexels-photomix-company-235294.jpg","height":0,"width":0},"keywords":null},{"@type":"Article","@id":"https:\/\/www.dekorin.cz\/granatove-jablko-je-kralem-mezi-ovocem\/","headline":"Gran\u00e1tov\u00e9 jablko je kr\u00e1lem mezi ovocem","url":"https:\/\/www.dekorin.cz\/granatove-jablko-je-kralem-mezi-ovocem\/","datePublished":"2020-09-21","dateModified":"2023-05-15","mainEntityOfPage":"https:\/\/www.dekorin.cz\/granatove-jablko-je-kralem-mezi-ovocem\/","author":{"@type":"Person","@id":"https:\/\/www.dekorin.cz\/author\/#Person","name":"","url":"https:\/\/www.dekorin.cz\/author\/","identifier":1,"image":{"@type":"ImageObject","@id":"https:\/\/secure.gravatar.com\/avatar\/383247cd769f7ac317a5bcda943ec48a3c79d996598ae4564ec21a0e178126d1?s=96&d=mm&r=g","url":"https:\/\/secure.gravatar.com\/avatar\/383247cd769f7ac317a5bcda943ec48a3c79d996598ae4564ec21a0e178126d1?s=96&d=mm&r=g","height":96,"width":96}},"publisher":{"@type":"Organization","name":"dekorin.cz","logo":{"@type":"ImageObject","@id":"\/logo.png","url":"\/logo.png","width":600,"height":60}},"image":{"@type":"ImageObject","@id":"https:\/\/www.dekorin.cz\/wp-content\/uploads\/img_a300737_w2263_t1510773960.jpg","url":"https:\/\/www.dekorin.cz\/wp-content\/uploads\/img_a300737_w2263_t1510773960.jpg","height":0,"width":0},"keywords":null},{"@type":"Article","@id":"https:\/\/www.dekorin.cz\/vase-dite-bude-nejen-prekvapene\/","headline":"Va\u0161e d\u00edt\u011b bude nejen p\u0159ekvapen\u00e9","url":"https:\/\/www.dekorin.cz\/vase-dite-bude-nejen-prekvapene\/","datePublished":"2019-01-02","dateModified":"2023-05-15","mainEntityOfPage":"https:\/\/www.dekorin.cz\/vase-dite-bude-nejen-prekvapene\/","author":{"@type":"Person","@id":"https:\/\/www.dekorin.cz\/author\/#Person","name":"","url":"https:\/\/www.dekorin.cz\/author\/","identifier":1,"image":{"@type":"ImageObject","@id":"https:\/\/secure.gravatar.com\/avatar\/383247cd769f7ac317a5bcda943ec48a3c79d996598ae4564ec21a0e178126d1?s=96&d=mm&r=g","url":"https:\/\/secure.gravatar.com\/avatar\/383247cd769f7ac317a5bcda943ec48a3c79d996598ae4564ec21a0e178126d1?s=96&d=mm&r=g","height":96,"width":96}},"publisher":{"@type":"Organization","name":"dekorin.cz","logo":{"@type":"ImageObject","@id":"\/logo.png","url":"\/logo.png","width":600,"height":60}},"image":{"@type":"ImageObject","@id":"https:\/\/www.dekorin.cz\/wp-content\/uploads\/img_a336033_w1725_t1549443151.png","url":"https:\/\/www.dekorin.cz\/wp-content\/uploads\/img_a336033_w1725_t1549443151.png","height":0,"width":0},"keywords":null}]}