[{"@context":"https:\/\/schema.org\/","@type":"Article","@id":"https:\/\/www.dekorin.cz\/vase-dite-bude-nejen-prekvapene\/#Article","mainEntityOfPage":"https:\/\/www.dekorin.cz\/vase-dite-bude-nejen-prekvapene\/","headline":"Va\u0161e d\u00edt\u011b bude nejen p\u0159ekvapen\u00e9","name":"Va\u0161e d\u00edt\u011b bude nejen p\u0159ekvapen\u00e9","description":"Na \u017e\u00e1dn\u00e9 oslav\u011b narozenin samoz\u0159ejm\u011b nesm\u00ed chyb\u011bt slavnostn\u00ed dort se sv\u00ed\u010dkami, d\u00e1rky a oslavenec se sv\u00fdmi nejbli\u017e\u0161\u00edmi. Jde o tradici, kter\u00e1 je p\u0159\u00edjemn\u00e1 a velmi slavnostn\u00ed. M\u016f\u017ee se odehr\u00e1vat doma, v restauraci, nebo na chalup\u011b.&#13; Ale v\u00edte, \u017ee narozeninov\u00e1 oslava m\u016f\u017ee prob\u011bhnout zcela netradi\u010dn\u011b, a nav\u00edc se bude \u0159adit k t\u011bm nezapomenuteln\u00fdm? Zorganizujte sv\u00e9mu d\u00edt\u011bti [&hellip;]","datePublished":"2019-01-02","dateModified":"2023-05-15","author":{"@type":"Person","@id":"https:\/\/www.dekorin.cz\/author\/#Person","name":"","url":"https:\/\/www.dekorin.cz\/author\/","identifier":1,"image":{"@type":"ImageObject","@id":"https:\/\/secure.gravatar.com\/avatar\/383247cd769f7ac317a5bcda943ec48a3c79d996598ae4564ec21a0e178126d1?s=96&d=mm&r=g","url":"https:\/\/secure.gravatar.com\/avatar\/383247cd769f7ac317a5bcda943ec48a3c79d996598ae4564ec21a0e178126d1?s=96&d=mm&r=g","height":96,"width":96}},"publisher":{"@type":"Organization","name":"dekorin.cz","logo":{"@type":"ImageObject","@id":"\/logo.png","url":"\/logo.png","width":600,"height":60}},"image":{"@type":"ImageObject","@id":"https:\/\/www.dekorin.cz\/wp-content\/uploads\/img_a336033_w1725_t1549443151.png","url":"https:\/\/www.dekorin.cz\/wp-content\/uploads\/img_a336033_w1725_t1549443151.png","height":0,"width":0},"url":"https:\/\/www.dekorin.cz\/vase-dite-bude-nejen-prekvapene\/","about":["Zdrav\u00ed"],"wordCount":431,"articleBody":"Na \u017e\u00e1dn\u00e9 oslav\u011b narozenin samoz\u0159ejm\u011b nesm\u00ed chyb\u011bt slavnostn\u00ed dort se sv\u00ed\u010dkami, d\u00e1rky a oslavenec se sv\u00fdmi nejbli\u017e\u0161\u00edmi. Jde o tradici, kter\u00e1 je p\u0159\u00edjemn\u00e1 a velmi slavnostn\u00ed. M\u016f\u017ee se odehr\u00e1vat doma, v restauraci, nebo na chalup\u011b.&#13; Ale v\u00edte, \u017ee narozeninov\u00e1 oslava m\u016f\u017ee prob\u011bhnout zcela netradi\u010dn\u011b, a nav\u00edc se bude \u0159adit k t\u011bm nezapomenuteln\u00fdm?Zorganizujte sv\u00e9mu d\u00edt\u011bti slavnostn\u00ed den origin\u00e1ln\u011b.&#13; Abyste vytvo\u0159ili dokonalou atmosf\u00e9ru slavnostn\u00edho dne pro sv\u00e9 d\u00edt\u011b, mus\u00edte vych\u00e1zet z toho, co jej bav\u00ed, ale tak\u00e9 z toho, s k\u00fdm by sv\u00e9 narozeniny nejrad\u011bji oslavilo. M\u00e1 ur\u010dit\u011b n\u011bjak\u00e9 kamar\u00e1dy, se kter\u00fdmi by se cht\u011blo pobavit a zaskota\u010dit si. Dop\u0159ejte mu tedy narozeninovou oslavu v prostoru, kde se vydov\u00e1d\u00ed v\u0161ichni pozvan\u00ed, spolu s oslavencem, na nejrozmanit\u011bj\u0161\u00edch atrakc\u00edch, a p\u0159itom ani nemus\u00ed sledovat \u010das.&#13; Takovou mimo\u0159\u00e1dn\u011b origin\u00e1ln\u00ed narozeninovou oslavu ur\u010dit\u011b je\u0161t\u011b nikdo z nich neza\u017eil!&#13; Sv\u00e9mu d\u00edt\u011bti dop\u0159ejete moment p\u0159ekvapen\u00ed. A p\u0159ekvapen\u00ed d\u011bti p\u0159\u00edmo zbo\u017e\u0148uj\u00ed! U\u017e jen samotn\u00fd pocit p\u0159ekvapen\u00ed je pro Va\u0161e d\u00edt\u011b velk\u00fdm d\u00e1rkem. Nato\u017e dal\u0161\u00ed p\u0159ekvapen\u00ed, co jej ve skute\u010dnosti \u010dek\u00e1.&#13; Narozeninov\u00fd dort nemus\u00edte obej\u00edt. Ten b\u00fdt prost\u011b mus\u00ed. Ale s d\u00e1rkem si starosti u\u017e d\u011blat nemus\u00edte. D\u00e1rkem pro Va\u0161e milovan\u00e9 d\u00edt\u011b budou atrakce, na kter\u00fdch se se sv\u00fdmi kamar\u00e1dy vydov\u00e1d\u00ed do sytosti. A takov\u00fd d\u00e1rek v podob\u011b celodenn\u00edho pohybu na \u010derstv\u00e9m vzduchu, kter\u00fd nav\u00edc sd\u00edl\u00ed se sv\u00fdmi vrstevn\u00edky, bude pro Va\u0161e d\u00edt\u011b t\u00edm nejv\u011bt\u0161\u00edm darem, kter\u00fd jste pro n\u011bj mohli u p\u0159\u00edle\u017eitosti narozeninov\u00e9 oslavy p\u0159ipravit. Pozn\u00e1te to hned. Rozz\u00e1\u0159en\u00e9 o\u010di, \u0161irok\u00fd \u00fasm\u011bv a neuv\u011b\u0159iteln\u00e1 nat\u011b\u0161enost na jednotliv\u00e9 atrakce. A hlavn\u011b bude nejen p\u0159ekvapen\u00e9, ale \u0161\u0165astn\u00e9.Je\u0161t\u011b st\u00e1le p\u0159em\u00fd\u0161l\u00edte nad t\u00edm, jak narozeninovou oslavu zorganizovat?&#13; L\u00edb\u00ed se V\u00e1m tato varianta oslavy narozenin Va\u0161eho neposedn\u00e9ho d\u00edt\u011bte? U\u017e asi ano, vi\u010fte? Ur\u010dit\u011b se V\u00e1m tento n\u00e1pad zal\u00edbil. Jen se nesm\u00edte p\u0159edem pod\u0159eknout, aby p\u0159ekvapen\u00ed m\u011blo k\u00fd\u017een\u00fd efekt! A d\u00edt\u011b bude \u0161kemrat, aby se dozv\u011bd\u011blo, co chyst\u00e1te. Tomu v\u011b\u0159te. Nebude se toti\u017e moci do\u010dkat!                                                                                                                                                                                                                                                                                                                                                                                         3.8\/5 - (6 votes)        "},{"@context":"https:\/\/schema.org\/","@type":"BreadcrumbList","itemListElement":[{"@type":"ListItem","position":1,"name":"Va\u0161e d\u00edt\u011b bude nejen p\u0159ekvapen\u00e9","item":"https:\/\/www.dekorin.cz\/vase-dite-bude-nejen-prekvapene\/#breadcrumbitem"}]}]