[{"@context":"https:\/\/schema.org\/","@type":"Article","@id":"https:\/\/www.dekorin.cz\/pocitac-a-babicka\/#Article","mainEntityOfPage":"https:\/\/www.dekorin.cz\/pocitac-a-babicka\/","headline":"Po\u010d\u00edta\u010d a babi\u010dka","name":"Po\u010d\u00edta\u010d a babi\u010dka","description":"\u0158ekn\u011bte mi, co byste d\u011blali, kdybyste nem\u011bli doma v\u016fbec po\u010d\u00edta\u010d? P\u0159edpokl\u00e1d\u00e1m, \u017ee byste se asi nudili. Samoz\u0159ejm\u011b, \u017ee kdyby po\u010d\u00edta\u010d nem\u011bl nikdo od narozen\u00ed a v\u016fbec by nepoznal s\u00edlu a tu z\u00e1bavu po\u010d\u00edta\u010de, tak by v\u00e1m logicky po\u010d\u00edta\u010d ani nechyb\u011bl, proto\u017ee kdy\u017e n\u011bco neza\u017eijete anebo kdy\u017e n\u011bco v\u016fbec nem\u00e1te, tak potom nev\u00edte, jak by v\u00e1m [&hellip;]","datePublished":"2024-04-20","dateModified":"2024-05-20","author":{"@type":"Person","@id":"https:\/\/www.dekorin.cz\/author\/#Person","name":"","url":"https:\/\/www.dekorin.cz\/author\/","identifier":1,"image":{"@type":"ImageObject","@id":"https:\/\/secure.gravatar.com\/avatar\/383247cd769f7ac317a5bcda943ec48a3c79d996598ae4564ec21a0e178126d1?s=96&d=mm&r=g","url":"https:\/\/secure.gravatar.com\/avatar\/383247cd769f7ac317a5bcda943ec48a3c79d996598ae4564ec21a0e178126d1?s=96&d=mm&r=g","height":96,"width":96}},"publisher":{"@type":"Organization","name":"dekorin.cz","logo":{"@type":"ImageObject","@id":"\/logo.png","url":"\/logo.png","width":600,"height":60}},"image":{"@type":"ImageObject","@id":"https:\/\/www.dekorin.cz\/wp-content\/uploads\/laptop-2620118_1280_1.jpg","url":"https:\/\/www.dekorin.cz\/wp-content\/uploads\/laptop-2620118_1280_1.jpg","height":0,"width":0},"url":"https:\/\/www.dekorin.cz\/pocitac-a-babicka\/","about":["PC"],"wordCount":433,"articleBody":"\u0158ekn\u011bte mi, co byste d\u011blali, kdybyste nem\u011bli doma v\u016fbec po\u010d\u00edta\u010d? P\u0159edpokl\u00e1d\u00e1m, \u017ee byste se asi nudili. Samoz\u0159ejm\u011b, \u017ee kdyby po\u010d\u00edta\u010d nem\u011bl nikdo od narozen\u00ed a v\u016fbec by nepoznal s\u00edlu a tu z\u00e1bavu po\u010d\u00edta\u010de, tak by v\u00e1m logicky po\u010d\u00edta\u010d ani nechyb\u011bl, proto\u017ee kdy\u017e n\u011bco neza\u017eijete anebo kdy\u017e n\u011bco v\u016fbec nem\u00e1te, tak potom nev\u00edte, jak by v\u00e1m to chyb\u011blo, kdybyste\u00a0to potom nem\u011bli. Tohle je naprosto logick\u00e9. Tohle mi v\u017edycky vysv\u011btlovala moje babi\u010dka. Proto\u017ee jsem se babi\u010dky ptala, pro\u010d ona t\u0159eba nechce po\u010d\u00edtat. Babi\u010dce v\u00a0t\u00e9 dob\u011b bylo teprve p\u011bta\u0161edes\u00e1t a zeptala jsem se j\u00ed, pro\u010d ona nechce po\u010d\u00edta\u010d nebo alespo\u0148 tablet \u010di chytr\u00fd mobiln\u00ed telefon. Ona \u0159\u00edkala, \u017ee to pr\u00fd nepot\u0159ebuje. Mn\u011b v t\u00e9 dob\u011b bylo t\u0159in\u00e1ct\u00a0let a \u0159\u00edk\u00e1m v\u00e1m, \u017ee jsem byla docela v \u0161oku. \u017de vlastn\u011b dosp\u011bl\u00fd \u010dlov\u011bk nechce po\u010d\u00edta\u010d. Potom mi to babi\u010dka, vysv\u011btlila. Ona pr\u00fd v\u016fbec do t\u00e9to doby asi nepat\u0159\u00ed. Pr\u00fd v\u016fbec nem\u011bla po\u010d\u00edta\u010d ani tablet a ani to nechce. Pr\u00fd ani tablet by necht\u011bla, \u017ee je stra\u0161n\u011b mal\u00fd a \u017ee by nakonec na to nevid\u011bla. \u0158ekla jsem j\u00ed, \u017ee bych ji klidn\u011b dala m\u016fj star\u00fd po\u010d\u00edta\u010d anebo star\u00fd notebook. Ona ale nechce. Ona \u0159\u00edkala, \u017ee je spokojen\u00e1 s t\u00edm, co m\u00e1.\u00a0Sta\u010d\u00ed j\u00ed star\u00e1 dobr\u00e1 televize a k oby\u010dejn\u00fd d\u016fchodcovsk\u00fd mobiln\u00ed telefon. No, tak mo\u017en\u00e1 ano, tohle je sice pravda. Ale jsou tak\u00e9 senio\u0159i, kte\u0159\u00ed cht\u011bj\u00ed m\u00edt v\u0161elijak\u00e9 technick\u00e9 novinky, a to v\u010detn\u011b kvalitn\u00edch po\u010d\u00edta\u010d\u016f. V\u017edy ti senio\u0159i pracuj\u00ed jako telefonn\u00ed oper\u00e1to\u0159i, proto\u017ee moje prateta dokonce a\u017e v p\u011bta\u0161edes\u00e1ti letech \u0161la pracovat jako telefonn\u00ed oper\u00e1torka do jedn\u00e9 firmy, kter\u00e1 se zab\u00fdv\u00e1 elektrem. Docela m\u011b to p\u0159ekvapilo, proto\u017ee moje teta \u0159\u00edkala, \u017ee se t\u011b\u0161\u00ed do d\u016fchodu a \u017ee u\u017e nikdy nep\u016fjde pracovat, ale asi j\u00ed chyb\u011bla pr\u00e1ce. Bylo j\u00ed to l\u00edto, \u017ee nepracuje a cht\u011bla b\u00fdt st\u00e1le mezi lidmi, tak\u017ee \u0161la pracovat do jedn\u00e9\u00a0firmy, kde d\u011bl\u00e1 telefonn\u00ed oper\u00e1torku a \u0159ekla, \u017ee l\u00e9pe si vybrat\u00a0opravdu nemohla, pr\u00fd nelituje. \u0160la by do pr\u00e1ce znovu a \u0159\u00edk\u00e1, \u017ee kdyby tohle mohla ud\u011blat d\u0159\u00edve, \u017ee by do toho \u0161la.\u00a0                                                                                                                                                                                                                                                                                                                                                                                        3.2\/5 - (5 votes)        "},{"@context":"https:\/\/schema.org\/","@type":"BreadcrumbList","itemListElement":[{"@type":"ListItem","position":1,"name":"Po\u010d\u00edta\u010d a babi\u010dka","item":"https:\/\/www.dekorin.cz\/pocitac-a-babicka\/#breadcrumbitem"}]}]