[{"@context":"https:\/\/schema.org\/","@type":"Article","@id":"https:\/\/www.dekorin.cz\/nadherne-opaleni-v-kazdem-rocnim-obdobi\/#Article","mainEntityOfPage":"https:\/\/www.dekorin.cz\/nadherne-opaleni-v-kazdem-rocnim-obdobi\/","headline":"N\u00e1dhern\u00e9 op\u00e1len\u00ed v ka\u017ed\u00e9m ro\u010dn\u00edm obdob\u00ed","name":"N\u00e1dhern\u00e9 op\u00e1len\u00ed v ka\u017ed\u00e9m ro\u010dn\u00edm obdob\u00ed","description":"T\u011b\u0161\u00edte se na l\u00e9to a hlavn\u011b na tradi\u010dn\u00ed dov\u00e1d\u011bn\u00ed na slunci a n\u011bkde u vody \u010di u mo\u0159e? S l\u00e9tem \u00fazce souvis\u00ed n\u00e1dhern\u011b op\u00e1len\u00e1 poko\u017eka, kter\u00e1 k l\u00e9tu ji\u017e tradi\u010dn\u011b pat\u0159\u00ed. Ne ka\u017ed\u00fd se v\u0161ak opaluje tak dob\u0159e, jak by si p\u0159\u00e1l, ne ka\u017ed\u00fd m\u00e1 \u010das se v l\u00e9t\u011b opalovat a n\u011bkdo si zase chce [&hellip;]","datePublished":"2018-09-01","dateModified":"2023-12-20","author":{"@type":"Person","@id":"https:\/\/www.dekorin.cz\/author\/#Person","name":"","url":"https:\/\/www.dekorin.cz\/author\/","identifier":1,"image":{"@type":"ImageObject","@id":"https:\/\/secure.gravatar.com\/avatar\/383247cd769f7ac317a5bcda943ec48a3c79d996598ae4564ec21a0e178126d1?s=96&d=mm&r=g","url":"https:\/\/secure.gravatar.com\/avatar\/383247cd769f7ac317a5bcda943ec48a3c79d996598ae4564ec21a0e178126d1?s=96&d=mm&r=g","height":96,"width":96}},"publisher":{"@type":"Organization","name":"dekorin.cz","logo":{"@type":"ImageObject","@id":"\/logo.png","url":"\/logo.png","width":600,"height":60}},"image":{"@type":"ImageObject","@id":"https:\/\/www.dekorin.cz\/wp-content\/uploads\/img_a325434_w2600_t1537345661.jpg","url":"https:\/\/www.dekorin.cz\/wp-content\/uploads\/img_a325434_w2600_t1537345661.jpg","height":0,"width":0},"url":"https:\/\/www.dekorin.cz\/nadherne-opaleni-v-kazdem-rocnim-obdobi\/","about":["Mobil"],"wordCount":432,"articleBody":"       T\u011b\u0161\u00edte se na l\u00e9to a hlavn\u011b na tradi\u010dn\u00ed dov\u00e1d\u011bn\u00ed na slunci a n\u011bkde u vody \u010di u mo\u0159e? S l\u00e9tem \u00fazce souvis\u00ed n\u00e1dhern\u011b op\u00e1len\u00e1 poko\u017eka, kter\u00e1 k l\u00e9tu ji\u017e tradi\u010dn\u011b pat\u0159\u00ed.  Ne ka\u017ed\u00fd se v\u0161ak opaluje tak dob\u0159e, jak by si p\u0159\u00e1l, ne ka\u017ed\u00fd m\u00e1 \u010das se v l\u00e9t\u011b opalovat a n\u011bkdo si zase chce n\u00e1dhern\u011b op\u00e1lenou k\u016f\u017ei udr\u017eet po cel\u00fd rok. Jak toho v\u0161eho dos\u00e1hnout? Na to v\u00e1m d\u00e1 dokonalou odpov\u011b\u010f a z\u00e1rove\u0148 p\u0159edvede i v praxi profesion\u00e1ln\u00ed sol\u00e1rium Brno. Na co se m\u016f\u017eete t\u011b\u0161it? Sou\u010d\u00e1st\u00ed ka\u017ed\u00e9ho sol\u00e1ria je p\u0159\u00edjemn\u00e9 prost\u0159ed\u00ed, kter\u00e9 poskytne dokonalou atmosf\u00e9ru nejen za\u0159\u00edzen\u00edm interi\u00e9ru, ale tak\u00e9 v\u016fn\u00ed \u010di p\u0159\u00edjemnou hudbou.  Hlavn\u00edm bodem jsou v\u0161ak samotn\u00e9 stroje, kter\u00e9 se pou\u017e\u00edvaj\u00ed pr\u00e1v\u011b k doc\u00edlen\u00ed n\u00e1dhern\u011b op\u00e1len\u00e9 poko\u017eky. Tyto stroje pln\u011b nahrazuj\u00ed slun\u00ed\u010dko a stejn\u011b jako slunce, vyza\u0159uj\u00ed UV z\u00e1\u0159en\u00ed, kter\u00e9 zp\u016fsobuje n\u00e1sledn\u00e9 op\u00e1len\u00ed. Stroje nab\u00edzej\u00ed r\u016fzn\u00e9 mo\u017enosti intenzity nastaven\u00ed, a sice slab\u00e9, st\u0159edn\u011b siln\u00e9 nebo siln\u00e9 a tak\u00e9 si m\u016f\u017eete vybrat oza\u0159ov\u00e1n\u00ed horizont\u00e1ln\u00ed nebo vertik\u00e1ln\u00ed. D\u016fle\u017eit\u00e1 je tak\u00e9 profesionalita a odbornost person\u00e1lu, kter\u00fd um\u00ed se za\u0159\u00edzen\u00edm odborn\u011b zach\u00e1zet a tak\u00e9 dok\u00e1\u017ee zodpov\u011bd\u011bt va\u0161e ot\u00e1zky a podat ve\u0161ker\u00e9 pot\u0159ebn\u00e9 informace. Tak jako p\u0159i b\u011b\u017en\u00e9m opalov\u00e1n\u00ed na slun\u00ed\u010dku, tak i p\u0159i opalov\u00e1n\u00ed v sol\u00e1riu je pot\u0159ebn\u00fd vhodn\u00fd v\u00fdb\u011br kosmetiky. V nab\u00eddce je pot\u0159ebn\u00e9 se soust\u0159edit na kosmetiku p\u0159\u00edmo sol\u00e1rn\u00ed, kter\u00e1 vhodn\u011b a dostate\u010dn\u011b k\u016f\u017ei po opalov\u00e1n\u00ed o\u0161et\u0159\u00ed. Va\u0161e op\u00e1len\u00ed tak bude d\u00edky profesion\u00e1ln\u00ed p\u00e9\u010di vypadat p\u0159irozen\u011b a hlavn\u011b zdrav\u011b.  Um\u011bl\u00e9 opalov\u00e1n\u00ed ji\u017e pat\u0159\u00ed ke komfortu, kter\u00fd si m\u016f\u017ee dop\u0159\u00e1t ka\u017ed\u00fd a zajistit si tak dokonalou p\u00e9\u010di o svoje t\u011blo. Z\u00edsk\u00e1te tak n\u00e1dhern\u011b op\u00e1len\u00e9 t\u011blo, kter\u00fdm se budete moct chlubit nejen v l\u00e9t\u011b, ale t\u0159eba i v zim\u011b a budete po\u0159\u00e1d p\u0159ipraven\u00ed na obdob\u00ed plavek a odhalen\u00fdch ramen i nohou. D\u016fle\u017eit\u00e9 je nic nep\u0159eh\u00e1n\u011bt a udr\u017eet si svoji p\u0159irozenost, aby op\u00e1len\u00ed m\u011blo ten spr\u00e1vn\u00fd efekt.                                                                                                                                                                                                                                                                                                                                                                                           4.3\/5 - (7 votes)        "},{"@context":"https:\/\/schema.org\/","@type":"BreadcrumbList","itemListElement":[{"@type":"ListItem","position":1,"name":"N\u00e1dhern\u00e9 op\u00e1len\u00ed v ka\u017ed\u00e9m ro\u010dn\u00edm obdob\u00ed","item":"https:\/\/www.dekorin.cz\/nadherne-opaleni-v-kazdem-rocnim-obdobi\/#breadcrumbitem"}]}]