[{"@context":"https:\/\/schema.org\/","@type":"Article","@id":"https:\/\/www.dekorin.cz\/mobil-i-pro-deti\/#Article","mainEntityOfPage":"https:\/\/www.dekorin.cz\/mobil-i-pro-deti\/","headline":"Mobil i pro d\u011bti","name":"Mobil i pro d\u011bti","description":"Mobiln\u00ed telefon je u\u017e n\u011bco, co m\u00e1 opravdu ka\u017ed\u00fd, a to n\u011bkdy i bez rozd\u00edlu soci\u00e1ln\u00ed kategorie nebo bez rozd\u00edlu v\u011bku. J\u00e1 sama si nedok\u00e1\u017eu p\u0159edstavit to, \u017ee bych byla bez mobiln\u00edho telefonu. Na mobiln\u00edm telefonu jsem asi z\u00e1visl\u00e1, ale v\u016fbec mi to nevad\u00ed. Mobiln\u00ed telefony jsem vlastn\u011b m\u011bla u\u017e v t\u00e9 dob\u011b, kdy za\u010dal [&hellip;]","datePublished":"2022-06-30","dateModified":"2023-05-15","author":{"@type":"Person","@id":"https:\/\/www.dekorin.cz\/author\/#Person","name":"","url":"https:\/\/www.dekorin.cz\/author\/","identifier":1,"image":{"@type":"ImageObject","@id":"https:\/\/secure.gravatar.com\/avatar\/383247cd769f7ac317a5bcda943ec48a3c79d996598ae4564ec21a0e178126d1?s=96&d=mm&r=g","url":"https:\/\/secure.gravatar.com\/avatar\/383247cd769f7ac317a5bcda943ec48a3c79d996598ae4564ec21a0e178126d1?s=96&d=mm&r=g","height":96,"width":96}},"publisher":{"@type":"Organization","name":"dekorin.cz","logo":{"@type":"ImageObject","@id":"\/logo.png","url":"\/logo.png","width":600,"height":60}},"image":{"@type":"ImageObject","@id":"https:\/\/www.dekorin.cz\/wp-content\/uploads\/phone-958066_960_720.jpg","url":"https:\/\/www.dekorin.cz\/wp-content\/uploads\/phone-958066_960_720.jpg","height":0,"width":0},"url":"https:\/\/www.dekorin.cz\/mobil-i-pro-deti\/","about":["Mobil"],"wordCount":439,"articleBody":"Mobiln\u00ed telefon je u\u017e n\u011bco, co m\u00e1 opravdu ka\u017ed\u00fd, a to n\u011bkdy i bez rozd\u00edlu soci\u00e1ln\u00ed kategorie nebo bez rozd\u00edlu v\u011bku. J\u00e1 sama si nedok\u00e1\u017eu p\u0159edstavit to, \u017ee bych byla bez mobiln\u00edho telefonu. Na mobiln\u00edm telefonu jsem asi z\u00e1visl\u00e1, ale v\u016fbec mi to nevad\u00ed. Mobiln\u00ed telefony jsem vlastn\u011b m\u011bla u\u017e v t\u00e9 dob\u011b, kdy za\u010dal b\u00fdt popul\u00e1rn\u00ed. Tak\u017ee vlastn\u011b se d\u00e1 \u0159\u00edct, \u017ee jsem na mobiln\u00edm telefonu vlastn\u011b vyr\u016fstala. To ale nevad\u00ed. Zn\u00e1m ale opravdu plno lid\u00ed, kter\u00fdm vad\u00ed, kdy\u017e jejich d\u011bti maj\u00ed ze za\u010d\u00e1tku opravdu brzy mobil.Ale m\u011b osobn\u011b to tedy v\u016fbec nevad\u00ed, sp\u00ed\u0161e to beru jako fakt, \u017ee se d\u00edt\u011b p\u0159ipravuje do budoucna. A p\u0159ece ka\u017ed\u00e9 d\u00edt\u011b pot\u0159ebuje potom v dosp\u011blosti n\u011bjak\u00e9 z\u00e1kladn\u00ed znalosti techniky, tak\u017ee opravdu nen\u00ed od v\u011bci a nic \u0161patn\u00e9ho, kdy\u017e rodi\u010de dovol\u00ed d\u00edt\u011bti, aby si hr\u00e1lo s mobiln\u00edm telefonem u\u017e od \u00fatl\u00e9ho v\u011bku. Samoz\u0159ejm\u011b, \u017ee rodi\u010de taky musej\u00ed db\u00e1t na to, aby d\u00edt\u011b m\u011blo i jin\u00e9 z\u00e1liby, ne\u017e je mobiln\u00ed telefon a hry na n\u011bm. M\u011b osobn\u011b tohle nevad\u00ed.M\u016fj syn si hraje s mobiln\u00edm telefonem opravdu ka\u017ed\u00fd den. A to i n\u011bkolik hodin. N\u011bkomu to vad\u00ed, m\u011b to v\u016fbec nevad\u00ed. Beru to jako tak, \u017ee syn to m\u00e1 jako kon\u00ed\u010dek. Nav\u00edc syn hraje je\u0161t\u011b fotbal. A s d\u011btmi venku hraje na schov\u00e1vanou a taky\u00a0vyb\u00edjenou. Opravdu m\u011b to nevad\u00ed, sp\u00ed\u0161e jsem r\u00e1da \u017ee jsi m\u00e1 taky kamar\u00e1dy. A \u017ee ob\u010das hraje na mobilu mi v\u016fbec netrh\u00e1 \u017e\u00edly, jak se \u0159\u00edk\u00e1. Sp\u00ed\u0161e jsem r\u00e1da, \u017ee syn u\u017e taky zvl\u00e1d\u00e1 i technick\u00e9 v\u011bci ne\u017e jenom ty d\u011btsk\u00e9 v\u011bci.\u00a0Mnoho\u00a0lid\u00ed, kter\u00fdm vad\u00ed, \u017ee jejich mal\u00e9 d\u011bti maj\u00ed mobiln\u00ed telefon t\u0159eba brzy, mn\u011b to nevad\u00ed. A jak jste na tom vy? Pokud m\u00e1te mal\u00e9 d\u011bti, tak jak jste na tom s mobiln\u00edm telefone? Dr\u017e\u00edte ho od d\u011bt\u00ed, co nejd\u00e1le nebo je v\u00e1m \u00fapln\u011b jedno, jestli va\u0161e d\u011bti s t\u00edm mobilem us\u00ednaj\u00ed a vst\u00e1vaj\u00ed? J\u00e1 jsem v tomhle liber\u00e1ln\u00ed, stejn\u011b ten mobil d\u0159\u00edve \u010di pozd\u011bji m\u00edt budou, tak pro\u010d jim mobiln\u00ed telefon\u00a0zakazovat, \u017ee? J\u00e1 jsem taky m\u011bla videohry hned, jak byly a taky mi je nikdo nezakazoval.\u00a0                                                                                                                                                                                                                                                                                                                                                                                        4\/5 - (12 votes)        "},{"@context":"https:\/\/schema.org\/","@type":"BreadcrumbList","itemListElement":[{"@type":"ListItem","position":1,"name":"Mobil i pro d\u011bti","item":"https:\/\/www.dekorin.cz\/mobil-i-pro-deti\/#breadcrumbitem"}]}]