{"@context":"https:\/\/schema.org\/","@type":"CollectionPage","@id":"https:\/\/www.dekorin.cz\/business\/#CollectionPage","headline":"Business Category","description":"","url":"https:\/\/www.dekorin.cz\/business\/","hasPart":[{"@type":"Article","@id":"https:\/\/www.dekorin.cz\/kamarga-lek\/","headline":"Kamarga l\u00e9k","url":"https:\/\/www.dekorin.cz\/kamarga-lek\/","datePublished":"2023-07-27","dateModified":"2024-05-28","mainEntityOfPage":"https:\/\/www.dekorin.cz\/kamarga-lek\/","author":{"@type":"Person","@id":"https:\/\/www.dekorin.cz\/author\/#Person","name":"","url":"https:\/\/www.dekorin.cz\/author\/","identifier":1,"image":{"@type":"ImageObject","@id":"https:\/\/secure.gravatar.com\/avatar\/383247cd769f7ac317a5bcda943ec48a3c79d996598ae4564ec21a0e178126d1?s=96&d=mm&r=g","url":"https:\/\/secure.gravatar.com\/avatar\/383247cd769f7ac317a5bcda943ec48a3c79d996598ae4564ec21a0e178126d1?s=96&d=mm&r=g","height":96,"width":96}},"publisher":{"@type":"Organization","name":"dekorin.cz","logo":{"@type":"ImageObject","@id":"\/logo.png","url":"\/logo.png","width":600,"height":60}},"image":{"@type":"ImageObject","@id":"https:\/\/www.dekorin.cz\/wp-content\/uploads\/cure-661612_1280_1.jpg","url":"https:\/\/www.dekorin.cz\/wp-content\/uploads\/cure-661612_1280_1.jpg","height":0,"width":0},"keywords":null},{"@type":"Article","@id":"https:\/\/www.dekorin.cz\/i-zeny-dovedou-mistrne-zvednout-u-muzu-testosteron\/","headline":"I \u017eeny dovedou mistrn\u011b zvednout u mu\u017e\u016f testosteron","url":"https:\/\/www.dekorin.cz\/i-zeny-dovedou-mistrne-zvednout-u-muzu-testosteron\/","datePublished":"2023-07-15","dateModified":"2023-10-11","mainEntityOfPage":"https:\/\/www.dekorin.cz\/i-zeny-dovedou-mistrne-zvednout-u-muzu-testosteron\/","author":{"@type":"Person","@id":"https:\/\/www.dekorin.cz\/author\/#Person","name":"","url":"https:\/\/www.dekorin.cz\/author\/","identifier":1,"image":{"@type":"ImageObject","@id":"https:\/\/secure.gravatar.com\/avatar\/383247cd769f7ac317a5bcda943ec48a3c79d996598ae4564ec21a0e178126d1?s=96&d=mm&r=g","url":"https:\/\/secure.gravatar.com\/avatar\/383247cd769f7ac317a5bcda943ec48a3c79d996598ae4564ec21a0e178126d1?s=96&d=mm&r=g","height":96,"width":96}},"publisher":{"@type":"Organization","name":"dekorin.cz","logo":{"@type":"ImageObject","@id":"\/logo.png","url":"\/logo.png","width":600,"height":60}},"image":{"@type":"ImageObject","@id":"https:\/\/www.dekorin.cz\/wp-content\/uploads\/girl-1530740_640.jpg","url":"https:\/\/www.dekorin.cz\/wp-content\/uploads\/girl-1530740_640.jpg","height":0,"width":0},"keywords":null},{"@type":"Article","@id":"https:\/\/www.dekorin.cz\/muzeme-mit-vlastni-elektrinu\/","headline":"M\u016f\u017eeme m\u00edt vlastn\u00ed elekt\u0159inu","url":"https:\/\/www.dekorin.cz\/muzeme-mit-vlastni-elektrinu\/","datePublished":"2023-03-19","dateModified":"2024-02-05","mainEntityOfPage":"https:\/\/www.dekorin.cz\/muzeme-mit-vlastni-elektrinu\/","author":{"@type":"Person","@id":"https:\/\/www.dekorin.cz\/author\/#Person","name":"","url":"https:\/\/www.dekorin.cz\/author\/","identifier":1,"image":{"@type":"ImageObject","@id":"https:\/\/secure.gravatar.com\/avatar\/383247cd769f7ac317a5bcda943ec48a3c79d996598ae4564ec21a0e178126d1?s=96&d=mm&r=g","url":"https:\/\/secure.gravatar.com\/avatar\/383247cd769f7ac317a5bcda943ec48a3c79d996598ae4564ec21a0e178126d1?s=96&d=mm&r=g","height":96,"width":96}},"publisher":{"@type":"Organization","name":"dekorin.cz","logo":{"@type":"ImageObject","@id":"\/logo.png","url":"\/logo.png","width":600,"height":60}},"image":{"@type":"ImageObject","@id":"https:\/\/www.dekorin.cz\/wp-content\/uploads\/sssssss_1.jpg","url":"https:\/\/www.dekorin.cz\/wp-content\/uploads\/sssssss_1.jpg","height":0,"width":0},"keywords":null},{"@type":"Article","@id":"https:\/\/www.dekorin.cz\/kvetinace-na-zahradu\/","headline":"Kv\u011btin\u00e1\u010de na zahradu","url":"https:\/\/www.dekorin.cz\/kvetinace-na-zahradu\/","datePublished":"2023-02-24","dateModified":"2023-06-28","mainEntityOfPage":"https:\/\/www.dekorin.cz\/kvetinace-na-zahradu\/","author":{"@type":"Person","@id":"https:\/\/www.dekorin.cz\/author\/#Person","name":"","url":"https:\/\/www.dekorin.cz\/author\/","identifier":1,"image":{"@type":"ImageObject","@id":"https:\/\/secure.gravatar.com\/avatar\/383247cd769f7ac317a5bcda943ec48a3c79d996598ae4564ec21a0e178126d1?s=96&d=mm&r=g","url":"https:\/\/secure.gravatar.com\/avatar\/383247cd769f7ac317a5bcda943ec48a3c79d996598ae4564ec21a0e178126d1?s=96&d=mm&r=g","height":96,"width":96}},"publisher":{"@type":"Organization","name":"dekorin.cz","logo":{"@type":"ImageObject","@id":"\/logo.png","url":"\/logo.png","width":600,"height":60}},"image":{"@type":"ImageObject","@id":"https:\/\/www.dekorin.cz\/wp-content\/uploads\/cat-252048_960_720.jpg","url":"https:\/\/www.dekorin.cz\/wp-content\/uploads\/cat-252048_960_720.jpg","height":0,"width":0},"keywords":null},{"@type":"Article","@id":"https:\/\/www.dekorin.cz\/navstevnost-je-zdrojem-uspechu\/","headline":"N\u00e1v\u0161t\u011bvnost je zdrojem \u00fasp\u011bchu","url":"https:\/\/www.dekorin.cz\/navstevnost-je-zdrojem-uspechu\/","datePublished":"2023-01-31","dateModified":"2023-05-15","mainEntityOfPage":"https:\/\/www.dekorin.cz\/navstevnost-je-zdrojem-uspechu\/","author":{"@type":"Person","@id":"https:\/\/www.dekorin.cz\/author\/#Person","name":"","url":"https:\/\/www.dekorin.cz\/author\/","identifier":1,"image":{"@type":"ImageObject","@id":"https:\/\/secure.gravatar.com\/avatar\/383247cd769f7ac317a5bcda943ec48a3c79d996598ae4564ec21a0e178126d1?s=96&d=mm&r=g","url":"https:\/\/secure.gravatar.com\/avatar\/383247cd769f7ac317a5bcda943ec48a3c79d996598ae4564ec21a0e178126d1?s=96&d=mm&r=g","height":96,"width":96}},"publisher":{"@type":"Organization","name":"dekorin.cz","logo":{"@type":"ImageObject","@id":"\/logo.png","url":"\/logo.png","width":600,"height":60}},"image":{"@type":"ImageObject","@id":"https:\/\/www.dekorin.cz\/wp-content\/uploads\/matrix-3407243_960_720.jpg","url":"https:\/\/www.dekorin.cz\/wp-content\/uploads\/matrix-3407243_960_720.jpg","height":0,"width":0},"keywords":null},{"@type":"Article","@id":"https:\/\/www.dekorin.cz\/prodavame-pres-internet\/","headline":"Prod\u00e1v\u00e1me p\u0159es internet","url":"https:\/\/www.dekorin.cz\/prodavame-pres-internet\/","datePublished":"2023-01-27","dateModified":"2023-05-15","mainEntityOfPage":"https:\/\/www.dekorin.cz\/prodavame-pres-internet\/","author":{"@type":"Person","@id":"https:\/\/www.dekorin.cz\/author\/#Person","name":"","url":"https:\/\/www.dekorin.cz\/author\/","identifier":1,"image":{"@type":"ImageObject","@id":"https:\/\/secure.gravatar.com\/avatar\/383247cd769f7ac317a5bcda943ec48a3c79d996598ae4564ec21a0e178126d1?s=96&d=mm&r=g","url":"https:\/\/secure.gravatar.com\/avatar\/383247cd769f7ac317a5bcda943ec48a3c79d996598ae4564ec21a0e178126d1?s=96&d=mm&r=g","height":96,"width":96}},"publisher":{"@type":"Organization","name":"dekorin.cz","logo":{"@type":"ImageObject","@id":"\/logo.png","url":"\/logo.png","width":600,"height":60}},"image":{"@type":"ImageObject","@id":"https:\/\/www.dekorin.cz\/wp-content\/uploads\/keyboard_type_computer_computing_4.jpg","url":"https:\/\/www.dekorin.cz\/wp-content\/uploads\/keyboard_type_computer_computing_4.jpg","height":0,"width":0},"keywords":null},{"@type":"Article","@id":"https:\/\/www.dekorin.cz\/bez-topeni-to-v-zime-nebude-snadne\/","headline":"Bez topen\u00ed to v zim\u011b nebude snadn\u00e9","url":"https:\/\/www.dekorin.cz\/bez-topeni-to-v-zime-nebude-snadne\/","datePublished":"2023-01-22","dateModified":"2023-05-15","mainEntityOfPage":"https:\/\/www.dekorin.cz\/bez-topeni-to-v-zime-nebude-snadne\/","author":{"@type":"Person","@id":"https:\/\/www.dekorin.cz\/author\/#Person","name":"","url":"https:\/\/www.dekorin.cz\/author\/","identifier":1,"image":{"@type":"ImageObject","@id":"https:\/\/secure.gravatar.com\/avatar\/383247cd769f7ac317a5bcda943ec48a3c79d996598ae4564ec21a0e178126d1?s=96&d=mm&r=g","url":"https:\/\/secure.gravatar.com\/avatar\/383247cd769f7ac317a5bcda943ec48a3c79d996598ae4564ec21a0e178126d1?s=96&d=mm&r=g","height":96,"width":96}},"publisher":{"@type":"Organization","name":"dekorin.cz","logo":{"@type":"ImageObject","@id":"\/logo.png","url":"\/logo.png","width":600,"height":60}},"image":{"@type":"ImageObject","@id":"https:\/\/www.dekorin.cz\/wp-content\/uploads\/thermostat-gfc66af887_640.jpg","url":"https:\/\/www.dekorin.cz\/wp-content\/uploads\/thermostat-gfc66af887_640.jpg","height":0,"width":0},"keywords":null},{"@type":"Article","@id":"https:\/\/www.dekorin.cz\/zimni-dovolena\/","headline":"Zimn\u00ed dovolen\u00e1","url":"https:\/\/www.dekorin.cz\/zimni-dovolena\/","datePublished":"2023-01-10","dateModified":"2023-05-15","mainEntityOfPage":"https:\/\/www.dekorin.cz\/zimni-dovolena\/","author":{"@type":"Person","@id":"https:\/\/www.dekorin.cz\/author\/#Person","name":"","url":"https:\/\/www.dekorin.cz\/author\/","identifier":1,"image":{"@type":"ImageObject","@id":"https:\/\/secure.gravatar.com\/avatar\/383247cd769f7ac317a5bcda943ec48a3c79d996598ae4564ec21a0e178126d1?s=96&d=mm&r=g","url":"https:\/\/secure.gravatar.com\/avatar\/383247cd769f7ac317a5bcda943ec48a3c79d996598ae4564ec21a0e178126d1?s=96&d=mm&r=g","height":96,"width":96}},"publisher":{"@type":"Organization","name":"dekorin.cz","logo":{"@type":"ImageObject","@id":"\/logo.png","url":"\/logo.png","width":600,"height":60}},"image":{"@type":"ImageObject","@id":"https:\/\/www.dekorin.cz\/wp-content\/uploads\/children-gb7cfeadd9_1920.jpg","url":"https:\/\/www.dekorin.cz\/wp-content\/uploads\/children-gb7cfeadd9_1920.jpg","height":0,"width":0},"keywords":null},{"@type":"Article","@id":"https:\/\/www.dekorin.cz\/vuz-z-autopujcovny-si-muzete-pronajmout-i-na-tyden\/","headline":"V\u016fz z autop\u016fj\u010dovny si m\u016f\u017eete pronajmout i na t\u00fdden","url":"https:\/\/www.dekorin.cz\/vuz-z-autopujcovny-si-muzete-pronajmout-i-na-tyden\/","datePublished":"2022-07-08","dateModified":"2023-05-15","mainEntityOfPage":"https:\/\/www.dekorin.cz\/vuz-z-autopujcovny-si-muzete-pronajmout-i-na-tyden\/","author":{"@type":"Person","@id":"https:\/\/www.dekorin.cz\/author\/#Person","name":"","url":"https:\/\/www.dekorin.cz\/author\/","identifier":1,"image":{"@type":"ImageObject","@id":"https:\/\/secure.gravatar.com\/avatar\/383247cd769f7ac317a5bcda943ec48a3c79d996598ae4564ec21a0e178126d1?s=96&d=mm&r=g","url":"https:\/\/secure.gravatar.com\/avatar\/383247cd769f7ac317a5bcda943ec48a3c79d996598ae4564ec21a0e178126d1?s=96&d=mm&r=g","height":96,"width":96}},"publisher":{"@type":"Organization","name":"dekorin.cz","logo":{"@type":"ImageObject","@id":"\/logo.png","url":"\/logo.png","width":600,"height":60}},"image":{"@type":"ImageObject","@id":"https:\/\/www.dekorin.cz\/wp-content\/uploads\/car-1576894_640.jpg","url":"https:\/\/www.dekorin.cz\/wp-content\/uploads\/car-1576894_640.jpg","height":0,"width":0},"keywords":null},{"@type":"Article","@id":"https:\/\/www.dekorin.cz\/uspech-vestavenych-skrini-je-dan-i-posuvnymi-dvermi\/","headline":"\u00dasp\u011bch vestav\u011bn\u00fdch sk\u0159\u00edn\u00ed je d\u00e1n i posuvn\u00fdmi dve\u0159mi","url":"https:\/\/www.dekorin.cz\/uspech-vestavenych-skrini-je-dan-i-posuvnymi-dvermi\/","datePublished":"2022-06-30","dateModified":"2023-05-15","mainEntityOfPage":"https:\/\/www.dekorin.cz\/uspech-vestavenych-skrini-je-dan-i-posuvnymi-dvermi\/","author":{"@type":"Person","@id":"https:\/\/www.dekorin.cz\/author\/#Person","name":"","url":"https:\/\/www.dekorin.cz\/author\/","identifier":1,"image":{"@type":"ImageObject","@id":"https:\/\/secure.gravatar.com\/avatar\/383247cd769f7ac317a5bcda943ec48a3c79d996598ae4564ec21a0e178126d1?s=96&d=mm&r=g","url":"https:\/\/secure.gravatar.com\/avatar\/383247cd769f7ac317a5bcda943ec48a3c79d996598ae4564ec21a0e178126d1?s=96&d=mm&r=g","height":96,"width":96}},"publisher":{"@type":"Organization","name":"dekorin.cz","logo":{"@type":"ImageObject","@id":"\/logo.png","url":"\/logo.png","width":600,"height":60}},"image":{"@type":"ImageObject","@id":"https:\/\/www.dekorin.cz\/wp-content\/uploads\/shirt-1902598_640.jpg","url":"https:\/\/www.dekorin.cz\/wp-content\/uploads\/shirt-1902598_640.jpg","height":0,"width":0},"keywords":null}]}